{"id":510,"date":"2025-12-08T17:34:00","date_gmt":"2025-12-08T16:34:00","guid":{"rendered":"https:\/\/adeba.fr\/?p=510"},"modified":"2025-12-09T17:37:09","modified_gmt":"2025-12-09T16:37:09","slug":"le-juge-des-referes-rejette-la-requete-de-refere-expertise-du-crcaa-mais-donne-suite-a-celle-de-ladeba","status":"publish","type":"post","link":"https:\/\/adeba.fr\/index.php\/2025\/12\/08\/le-juge-des-referes-rejette-la-requete-de-refere-expertise-du-crcaa-mais-donne-suite-a-celle-de-ladeba\/","title":{"rendered":"Le juge des r\u00e9f\u00e9r\u00e9s rejette la requ\u00eate de r\u00e9f\u00e9r\u00e9 expertise du CRCAA mais donne suite \u00e0 celle de l\u2019ADEBA."},"content":{"rendered":"\n<p>Suite aux d\u00e9versements d&rsquo;eaux us\u00e9es de l&rsquo;hiver 2023-2024 et \u00e0 la crise sanitaire qu&rsquo;ils avaient caus\u00e9e, l&rsquo;ADEBA, outre sa plainte contre le SIBA, avait demand\u00e9 un r\u00e9f\u00e9r\u00e9 expertise pour faire confirmer son analyse technique du probl\u00e8me, analyse qui pointe principalement le mauvais \u00e9tat d&rsquo;un r\u00e9seau pluvial sacrifi\u00e9 au profit d&rsquo;une urbanisation excessive des rivages du Bassin d&rsquo;Arcachon.<br>Apr\u00e8s quelques h\u00e9sitations, le CRCAA, accompagn\u00e9 d&rsquo;un groupe d&rsquo;ostr\u00e9iculteurs, avait \u00e9galement demand\u00e9 un r\u00e9f\u00e9r\u00e9 expertise ; cette demande \u00e9tait toutefois beaucoup moins cibl\u00e9e et beaucoup plus large que celle de l&rsquo;ADEBA puisque, abondant la th\u00e8se du SIBA qui essayait alors de rejeter la responsabilit\u00e9 sur les autres collectivit\u00e9s du bassin versant, elle mettait en cause un ensemble tr\u00e8s \u00e9tendu de collectivit\u00e9s et d&rsquo;organismes, certains \u00e9tant m\u00eame en dehors du bassin versant.<br>Il semble que le juge des r\u00e9f\u00e9r\u00e9s n&rsquo;ait pas \u00e9t\u00e9 tromp\u00e9 par ce qui ressemblait \u00e0 une man\u0153uvre dilatoire en rejetant par une ordonnance du 4 d\u00e9cembre la requ\u00eate du CRCAA, mais qu&rsquo;il ait bien compris l&rsquo;importance du probl\u00e8me et la n\u00e9cessit\u00e9 que lumi\u00e8re soit faite en <strong>donnant suite \u00e0 la requ\u00eate de l&rsquo;ADEBA et en missionnant pour cela, par une ordonnance du 5 d\u00e9cembre, un expert charg\u00e9 de se prononcer sur les causes exactes du ph\u00e9nom\u00e8ne d\u2019inondations par ruissellement et de pollution des eaux qui a affect\u00e9 le bassin d\u2019Arcachon.<\/strong><\/p>\n","protected":false},"excerpt":{"rendered":"<p>Suite aux d\u00e9versements d&rsquo;eaux us\u00e9es de l&rsquo;hiver 2023-2024 et \u00e0 la crise sanitaire qu&rsquo;ils avaient caus\u00e9e, l&rsquo;ADEBA, outre sa plainte contre le SIBA, avait demand\u00e9 un r\u00e9f\u00e9r\u00e9 expertise pour faire confirmer son analyse technique du probl\u00e8me, analyse qui pointe principalement &hellip; <a href=\"https:\/\/adeba.fr\/index.php\/2025\/12\/08\/le-juge-des-referes-rejette-la-requete-de-refere-expertise-du-crcaa-mais-donne-suite-a-celle-de-ladeba\/\">Continuer la lecture <span class=\"meta-nav\">&rarr;<\/span><\/a><\/p>\n","protected":false},"author":2,"featured_media":0,"comment_status":"open","ping_status":"open","sticky":false,"template":"","format":"standard","meta":{"footnotes":""},"categories":[4],"tags":[],"class_list":["post-510","post","type-post","status-publish","format-standard","hentry","category-action-justice"],"_links":{"self":[{"href":"https:\/\/adeba.fr\/index.php\/wp-json\/wp\/v2\/posts\/510","targetHints":{"allow":["GET"]}}],"collection":[{"href":"https:\/\/adeba.fr\/index.php\/wp-json\/wp\/v2\/posts"}],"about":[{"href":"https:\/\/adeba.fr\/index.php\/wp-json\/wp\/v2\/types\/post"}],"author":[{"embeddable":true,"href":"https:\/\/adeba.fr\/index.php\/wp-json\/wp\/v2\/users\/2"}],"replies":[{"embeddable":true,"href":"https:\/\/adeba.fr\/index.php\/wp-json\/wp\/v2\/comments?post=510"}],"version-history":[{"count":1,"href":"https:\/\/adeba.fr\/index.php\/wp-json\/wp\/v2\/posts\/510\/revisions"}],"predecessor-version":[{"id":511,"href":"https:\/\/adeba.fr\/index.php\/wp-json\/wp\/v2\/posts\/510\/revisions\/511"}],"wp:attachment":[{"href":"https:\/\/adeba.fr\/index.php\/wp-json\/wp\/v2\/media?parent=510"}],"wp:term":[{"taxonomy":"category","embeddable":true,"href":"https:\/\/adeba.fr\/index.php\/wp-json\/wp\/v2\/categories?post=510"},{"taxonomy":"post_tag","embeddable":true,"href":"https:\/\/adeba.fr\/index.php\/wp-json\/wp\/v2\/tags?post=510"}],"curies":[{"name":"wp","href":"https:\/\/api.w.org\/{rel}","templated":true}]}}