{"id":508,"date":"2025-11-30T08:47:00","date_gmt":"2025-11-30T07:47:00","guid":{"rendered":"https:\/\/adeba.fr\/?p=508"},"modified":"2025-12-09T17:39:43","modified_gmt":"2025-12-09T16:39:43","slug":"la-suspension-des-arretes-assainissement-du-siba-confirmee-par-le-conseil-detat","status":"publish","type":"post","link":"https:\/\/adeba.fr\/index.php\/2025\/11\/30\/la-suspension-des-arretes-assainissement-du-siba-confirmee-par-le-conseil-detat\/","title":{"rendered":"La suspension des arr\u00eat\u00e9s assainissement du SIBA confirm\u00e9e par le Conseil d&rsquo;Etat !"},"content":{"rendered":"\n<p>Les arr\u00eat\u00e9s pris par le pr\u00e9fet de la Gironde le 28 f\u00e9vrier 2025 relatifs \u00e0 l\u2019assainissement eaux us\u00e9es du SIBA avaient fait l\u2019objet de recours en annulation et de recours suspensif, et le 20 mai, le Juge des R\u00e9f\u00e9r\u00e9s, reconnaissant la validit\u00e9 des arguments des associations environnementales, avait ordonn\u00e9 la suspension de l\u2019ex\u00e9cution de ces arr\u00eat\u00e9s (voir pr\u00e9c\u00e9dents articles d\u2019ADEBA).<\/p>\n\n\n\n<p>L\u2019\u00e9tat ayant fait appel de cette d\u00e9cision de suspension, l\u2019affaire a \u00e9t\u00e9 port\u00e9e devant le Conseil d\u2019Etat qui, par d\u00e9cision rendue le 24 novembre, a rejet\u00e9 le pourvoi de la ministre de la transition \u00e9cologique, de la biodiversit\u00e9, de la for\u00eat, de la mer et de la p\u00eache, confirmant ainsi la suspension des arr\u00eat\u00e9s.<\/p>\n\n\n\n<p>C\u2019est une belle victoire dans notre combat pour la qualit\u00e9 des eaux du Bassin et un bel encouragement \u00e0 continuer \u00e0 le mener sans faiblir.<\/p>\n","protected":false},"excerpt":{"rendered":"<p>Les arr\u00eat\u00e9s pris par le pr\u00e9fet de la Gironde le 28 f\u00e9vrier 2025 relatifs \u00e0 l\u2019assainissement eaux us\u00e9es du SIBA avaient fait l\u2019objet de recours en annulation et de recours suspensif, et le 20 mai, le Juge des R\u00e9f\u00e9r\u00e9s, reconnaissant &hellip; <a href=\"https:\/\/adeba.fr\/index.php\/2025\/11\/30\/la-suspension-des-arretes-assainissement-du-siba-confirmee-par-le-conseil-detat\/\">Continuer la lecture <span class=\"meta-nav\">&rarr;<\/span><\/a><\/p>\n","protected":false},"author":2,"featured_media":0,"comment_status":"open","ping_status":"open","sticky":false,"template":"","format":"standard","meta":{"footnotes":""},"categories":[4],"tags":[],"class_list":["post-508","post","type-post","status-publish","format-standard","hentry","category-action-justice"],"_links":{"self":[{"href":"https:\/\/adeba.fr\/index.php\/wp-json\/wp\/v2\/posts\/508","targetHints":{"allow":["GET"]}}],"collection":[{"href":"https:\/\/adeba.fr\/index.php\/wp-json\/wp\/v2\/posts"}],"about":[{"href":"https:\/\/adeba.fr\/index.php\/wp-json\/wp\/v2\/types\/post"}],"author":[{"embeddable":true,"href":"https:\/\/adeba.fr\/index.php\/wp-json\/wp\/v2\/users\/2"}],"replies":[{"embeddable":true,"href":"https:\/\/adeba.fr\/index.php\/wp-json\/wp\/v2\/comments?post=508"}],"version-history":[{"count":1,"href":"https:\/\/adeba.fr\/index.php\/wp-json\/wp\/v2\/posts\/508\/revisions"}],"predecessor-version":[{"id":509,"href":"https:\/\/adeba.fr\/index.php\/wp-json\/wp\/v2\/posts\/508\/revisions\/509"}],"wp:attachment":[{"href":"https:\/\/adeba.fr\/index.php\/wp-json\/wp\/v2\/media?parent=508"}],"wp:term":[{"taxonomy":"category","embeddable":true,"href":"https:\/\/adeba.fr\/index.php\/wp-json\/wp\/v2\/categories?post=508"},{"taxonomy":"post_tag","embeddable":true,"href":"https:\/\/adeba.fr\/index.php\/wp-json\/wp\/v2\/tags?post=508"}],"curies":[{"name":"wp","href":"https:\/\/api.w.org\/{rel}","templated":true}]}}