{"id":440,"date":"2025-04-23T20:55:19","date_gmt":"2025-04-23T18:55:19","guid":{"rendered":"https:\/\/adeba.fr\/?p=440"},"modified":"2025-04-28T17:50:28","modified_gmt":"2025-04-28T15:50:28","slug":"une-oeuvre-dart-saccagee-au-salon-nautique-darcachon","status":"publish","type":"post","link":"https:\/\/adeba.fr\/index.php\/2025\/04\/23\/une-oeuvre-dart-saccagee-au-salon-nautique-darcachon\/","title":{"rendered":"Une oeuvre d&rsquo;art saccag\u00e9e au Salon Nautique d&rsquo;Arcachon"},"content":{"rendered":"\n<p>Les visiteurs du salon nautique d&rsquo;Arcachon ont pu apercevoir, coiffant la balise K1 proche de la digue Est, l&rsquo;\u0153uvre d&rsquo;art d&rsquo;un artiste anonyme qui semble avoir tr\u00e8s bien compris le probl\u00e8me du Bassin (voir nos articles pr\u00e9c\u00e9dents sur le \u00ab\u00a0permis \u00e0 polluer\u00a0\u00bb et les arr\u00eat\u00e9s assainissement du SIBA) :<\/p>\n\n\n\n<figure class=\"wp-block-image size-large\"><img loading=\"lazy\" decoding=\"async\" width=\"768\" height=\"1024\" src=\"https:\/\/adeba.fr\/wp-content\/uploads\/2025\/04\/K1-768x1024.jpeg\" alt=\"\" class=\"wp-image-441\" srcset=\"https:\/\/adeba.fr\/wp-content\/uploads\/2025\/04\/K1-768x1024.jpeg 768w, https:\/\/adeba.fr\/wp-content\/uploads\/2025\/04\/K1-225x300.jpeg 225w, https:\/\/adeba.fr\/wp-content\/uploads\/2025\/04\/K1-1152x1536.jpeg 1152w, https:\/\/adeba.fr\/wp-content\/uploads\/2025\/04\/K1.jpeg 1242w\" sizes=\"auto, (max-width: 768px) 100vw, 768px\" \/><\/figure>\n\n\n\n<p>Cette oeuvre originale a malheureusement \u00e9t\u00e9 rapidement vandalis\u00e9e par des individus peu sensibles \u00e0 son esth\u00e9tisme, \u00e0 moins qu&rsquo;ils n&rsquo;aient \u00e9t\u00e9 d\u00e9rang\u00e9s par le message v\u00e9hicul\u00e9.<\/p>\n\n\n\n<p>La hargne des vandales s&rsquo;est aussi exprim\u00e9e sur le porteur du message, la malheureuse balise K1 qui ne s&rsquo;en est pas relev\u00e9e :<\/p>\n\n\n\n<figure class=\"wp-block-image size-full is-resized\"><img loading=\"lazy\" decoding=\"async\" width=\"601\" height=\"636\" src=\"https:\/\/adeba.fr\/wp-content\/uploads\/2025\/04\/K1b.jpg\" alt=\"\" class=\"wp-image-443\" style=\"width:251px;height:auto\" srcset=\"https:\/\/adeba.fr\/wp-content\/uploads\/2025\/04\/K1b.jpg 601w, https:\/\/adeba.fr\/wp-content\/uploads\/2025\/04\/K1b-283x300.jpg 283w\" sizes=\"auto, (max-width: 601px) 100vw, 601px\" \/><\/figure>\n\n\n\n<p><\/p>\n","protected":false},"excerpt":{"rendered":"<p>Les visiteurs du salon nautique d&rsquo;Arcachon ont pu apercevoir, coiffant la balise K1 proche de la digue Est, l&rsquo;\u0153uvre d&rsquo;art d&rsquo;un artiste anonyme qui semble avoir tr\u00e8s bien compris le probl\u00e8me du Bassin (voir nos articles pr\u00e9c\u00e9dents sur le \u00ab\u00a0permis &hellip; <a href=\"https:\/\/adeba.fr\/index.php\/2025\/04\/23\/une-oeuvre-dart-saccagee-au-salon-nautique-darcachon\/\">Continuer la lecture <span class=\"meta-nav\">&rarr;<\/span><\/a><\/p>\n","protected":false},"author":2,"featured_media":443,"comment_status":"open","ping_status":"open","sticky":false,"template":"","format":"standard","meta":{"footnotes":""},"categories":[9],"tags":[],"class_list":["post-440","post","type-post","status-publish","format-standard","has-post-thumbnail","hentry","category-photos"],"_links":{"self":[{"href":"https:\/\/adeba.fr\/index.php\/wp-json\/wp\/v2\/posts\/440","targetHints":{"allow":["GET"]}}],"collection":[{"href":"https:\/\/adeba.fr\/index.php\/wp-json\/wp\/v2\/posts"}],"about":[{"href":"https:\/\/adeba.fr\/index.php\/wp-json\/wp\/v2\/types\/post"}],"author":[{"embeddable":true,"href":"https:\/\/adeba.fr\/index.php\/wp-json\/wp\/v2\/users\/2"}],"replies":[{"embeddable":true,"href":"https:\/\/adeba.fr\/index.php\/wp-json\/wp\/v2\/comments?post=440"}],"version-history":[{"count":2,"href":"https:\/\/adeba.fr\/index.php\/wp-json\/wp\/v2\/posts\/440\/revisions"}],"predecessor-version":[{"id":445,"href":"https:\/\/adeba.fr\/index.php\/wp-json\/wp\/v2\/posts\/440\/revisions\/445"}],"wp:featuredmedia":[{"embeddable":true,"href":"https:\/\/adeba.fr\/index.php\/wp-json\/wp\/v2\/media\/443"}],"wp:attachment":[{"href":"https:\/\/adeba.fr\/index.php\/wp-json\/wp\/v2\/media?parent=440"}],"wp:term":[{"taxonomy":"category","embeddable":true,"href":"https:\/\/adeba.fr\/index.php\/wp-json\/wp\/v2\/categories?post=440"},{"taxonomy":"post_tag","embeddable":true,"href":"https:\/\/adeba.fr\/index.php\/wp-json\/wp\/v2\/tags?post=440"}],"curies":[{"name":"wp","href":"https:\/\/api.w.org\/{rel}","templated":true}]}}