{"id":438,"date":"2025-04-15T09:01:36","date_gmt":"2025-04-15T07:01:36","guid":{"rendered":"https:\/\/adeba.fr\/?p=438"},"modified":"2025-04-22T09:07:06","modified_gmt":"2025-04-22T07:07:06","slug":"ladeba-demande-lannulation-des-derniers-arretes-prefectoraux-pour-lassainissement-du-siba","status":"publish","type":"post","link":"https:\/\/adeba.fr\/index.php\/2025\/04\/15\/ladeba-demande-lannulation-des-derniers-arretes-prefectoraux-pour-lassainissement-du-siba\/","title":{"rendered":"L&rsquo;ADEBA demande l&rsquo;annulation des derniers arr\u00eat\u00e9s pr\u00e9fectoraux pour l&rsquo;assainissement du SIBA."},"content":{"rendered":"\n<p>Les projets d&rsquo;arr\u00eat\u00e9s pr\u00e9sent\u00e9s en janvier 2025, qualifi\u00e9s de \u00ab\u00a0permis de polluer\u00a0\u00bb, \u00e9taient particuli\u00e8rement permissifs et avaient soulev\u00e9 de vives protestations. <\/p>\n\n\n\n<p>Malgr\u00e9 l&rsquo;abandon par le pr\u00e9fet du point le plus litigieux et quelques am\u00e9nagements mineurs, l&rsquo;ADEBA rel\u00e8ve que les arr\u00eat\u00e9s sign\u00e9s le 28 f\u00e9vrier pr\u00e9sentent encore de nombreux points inacceptables comme le non respect de la r\u00e9glementation et l&rsquo;absence de prise en compte de la sensibilit\u00e9 du milieu, et ne garantissent aucunement que des dispositions ad\u00e9quates et efficaces seront prises pour \u00e9viter de nouvelles catastrophes (voir nos pr\u00e9c\u00e9dents articles pour l&rsquo;analyse d\u00e9taill\u00e9e de la situation et des documents pr\u00e9sent\u00e9s).<\/p>\n\n\n\n<p>Aussi l&rsquo;ADEBA vient-elle de d\u00e9poser aupr\u00e8s du Tribunal Administratif une requ\u00eate en annulation de ces arr\u00eat\u00e9s.&nbsp;<\/p>\n","protected":false},"excerpt":{"rendered":"<p>Les projets d&rsquo;arr\u00eat\u00e9s pr\u00e9sent\u00e9s en janvier 2025, qualifi\u00e9s de \u00ab\u00a0permis de polluer\u00a0\u00bb, \u00e9taient particuli\u00e8rement permissifs et avaient soulev\u00e9 de vives protestations. Malgr\u00e9 l&rsquo;abandon par le pr\u00e9fet du point le plus litigieux et quelques am\u00e9nagements mineurs, l&rsquo;ADEBA rel\u00e8ve que les arr\u00eat\u00e9s &hellip; <a href=\"https:\/\/adeba.fr\/index.php\/2025\/04\/15\/ladeba-demande-lannulation-des-derniers-arretes-prefectoraux-pour-lassainissement-du-siba\/\">Continuer la lecture <span class=\"meta-nav\">&rarr;<\/span><\/a><\/p>\n","protected":false},"author":2,"featured_media":0,"comment_status":"open","ping_status":"open","sticky":false,"template":"","format":"standard","meta":{"footnotes":""},"categories":[4],"tags":[],"class_list":["post-438","post","type-post","status-publish","format-standard","hentry","category-action-justice"],"_links":{"self":[{"href":"https:\/\/adeba.fr\/index.php\/wp-json\/wp\/v2\/posts\/438","targetHints":{"allow":["GET"]}}],"collection":[{"href":"https:\/\/adeba.fr\/index.php\/wp-json\/wp\/v2\/posts"}],"about":[{"href":"https:\/\/adeba.fr\/index.php\/wp-json\/wp\/v2\/types\/post"}],"author":[{"embeddable":true,"href":"https:\/\/adeba.fr\/index.php\/wp-json\/wp\/v2\/users\/2"}],"replies":[{"embeddable":true,"href":"https:\/\/adeba.fr\/index.php\/wp-json\/wp\/v2\/comments?post=438"}],"version-history":[{"count":1,"href":"https:\/\/adeba.fr\/index.php\/wp-json\/wp\/v2\/posts\/438\/revisions"}],"predecessor-version":[{"id":439,"href":"https:\/\/adeba.fr\/index.php\/wp-json\/wp\/v2\/posts\/438\/revisions\/439"}],"wp:attachment":[{"href":"https:\/\/adeba.fr\/index.php\/wp-json\/wp\/v2\/media?parent=438"}],"wp:term":[{"taxonomy":"category","embeddable":true,"href":"https:\/\/adeba.fr\/index.php\/wp-json\/wp\/v2\/categories?post=438"},{"taxonomy":"post_tag","embeddable":true,"href":"https:\/\/adeba.fr\/index.php\/wp-json\/wp\/v2\/tags?post=438"}],"curies":[{"name":"wp","href":"https:\/\/api.w.org\/{rel}","templated":true}]}}