{"id":396,"date":"2025-01-25T11:17:57","date_gmt":"2025-01-25T10:17:57","guid":{"rendered":"https:\/\/adeba.fr\/?p=396"},"modified":"2025-01-25T11:18:00","modified_gmt":"2025-01-25T10:18:00","slug":"non-au-permis-de-polluer-du-siba","status":"publish","type":"post","link":"https:\/\/adeba.fr\/index.php\/2025\/01\/25\/non-au-permis-de-polluer-du-siba\/","title":{"rendered":"NON au permis de polluer du SIBA"},"content":{"rendered":"\n<p>Il y a quelques mois nous avions massivement manifest\u00e9, avec tous les d\u00e9fenseurs de l&rsquo;environnement et les professionnels du Bassin, notre ferme opposition au \u00ab\u00a0Porter \u00e0 connaissance\u00a0\u00bb du SIBA qui demandait rien de moins que l&rsquo;autorisation de polluer.<\/p>\n\n\n\n<p>Faisant fi de la qualit\u00e9 des eaux du Bassin et des exigences environnementales pourtant clairement fix\u00e9es par la r\u00e9glementation, le pr\u00e9fet s&rsquo;appr\u00eate \u00e0 signer des arr\u00eat\u00e9s l\u00e9galisant ce permis \u00e0 polluer et donnant carte blanche au SIBA pour d\u00e9verser les eaux us\u00e9es dans le Bassin.<\/p>\n\n\n\n<p>Manifestons tous ensemble notre opposition sans faille devant le si\u00e8ge du SIBA, lundi 27 janvier \u00e0 15h\u00a0 (code vestimentaire recommand\u00e9 : haut rouge, bas bleu)<\/p>\n\n\n\n<figure class=\"wp-block-image size-large\"><img loading=\"lazy\" decoding=\"async\" width=\"724\" height=\"1024\" src=\"https:\/\/adeba.fr\/wp-content\/uploads\/2025\/01\/20250125-affiche-manif-724x1024.jpg\" alt=\"\" class=\"wp-image-397\" srcset=\"https:\/\/adeba.fr\/wp-content\/uploads\/2025\/01\/20250125-affiche-manif-724x1024.jpg 724w, https:\/\/adeba.fr\/wp-content\/uploads\/2025\/01\/20250125-affiche-manif-212x300.jpg 212w, https:\/\/adeba.fr\/wp-content\/uploads\/2025\/01\/20250125-affiche-manif-768x1087.jpg 768w, https:\/\/adeba.fr\/wp-content\/uploads\/2025\/01\/20250125-affiche-manif-1085x1536.jpg 1085w, https:\/\/adeba.fr\/wp-content\/uploads\/2025\/01\/20250125-affiche-manif.jpg 1190w\" sizes=\"auto, (max-width: 724px) 100vw, 724px\" \/><\/figure>\n","protected":false},"excerpt":{"rendered":"<p>Il y a quelques mois nous avions massivement manifest\u00e9, avec tous les d\u00e9fenseurs de l&rsquo;environnement et les professionnels du Bassin, notre ferme opposition au \u00ab\u00a0Porter \u00e0 connaissance\u00a0\u00bb du SIBA qui demandait rien de moins que l&rsquo;autorisation de polluer. Faisant fi &hellip; <a href=\"https:\/\/adeba.fr\/index.php\/2025\/01\/25\/non-au-permis-de-polluer-du-siba\/\">Continuer la lecture <span class=\"meta-nav\">&rarr;<\/span><\/a><\/p>\n","protected":false},"author":2,"featured_media":0,"comment_status":"open","ping_status":"open","sticky":false,"template":"","format":"standard","meta":{"footnotes":""},"categories":[10],"tags":[],"class_list":["post-396","post","type-post","status-publish","format-standard","hentry","category-actions"],"_links":{"self":[{"href":"https:\/\/adeba.fr\/index.php\/wp-json\/wp\/v2\/posts\/396","targetHints":{"allow":["GET"]}}],"collection":[{"href":"https:\/\/adeba.fr\/index.php\/wp-json\/wp\/v2\/posts"}],"about":[{"href":"https:\/\/adeba.fr\/index.php\/wp-json\/wp\/v2\/types\/post"}],"author":[{"embeddable":true,"href":"https:\/\/adeba.fr\/index.php\/wp-json\/wp\/v2\/users\/2"}],"replies":[{"embeddable":true,"href":"https:\/\/adeba.fr\/index.php\/wp-json\/wp\/v2\/comments?post=396"}],"version-history":[{"count":1,"href":"https:\/\/adeba.fr\/index.php\/wp-json\/wp\/v2\/posts\/396\/revisions"}],"predecessor-version":[{"id":398,"href":"https:\/\/adeba.fr\/index.php\/wp-json\/wp\/v2\/posts\/396\/revisions\/398"}],"wp:attachment":[{"href":"https:\/\/adeba.fr\/index.php\/wp-json\/wp\/v2\/media?parent=396"}],"wp:term":[{"taxonomy":"category","embeddable":true,"href":"https:\/\/adeba.fr\/index.php\/wp-json\/wp\/v2\/categories?post=396"},{"taxonomy":"post_tag","embeddable":true,"href":"https:\/\/adeba.fr\/index.php\/wp-json\/wp\/v2\/tags?post=396"}],"curies":[{"name":"wp","href":"https:\/\/api.w.org\/{rel}","templated":true}]}}