{"id":355,"date":"2024-10-19T14:01:02","date_gmt":"2024-10-19T12:01:02","guid":{"rendered":"https:\/\/adeba.fr\/?p=355"},"modified":"2024-10-19T14:23:41","modified_gmt":"2024-10-19T12:23:41","slug":"que-penser-de-la-conference-de-presse-du-siba-du-16-octobre","status":"publish","type":"post","link":"https:\/\/adeba.fr\/index.php\/2024\/10\/19\/que-penser-de-la-conference-de-presse-du-siba-du-16-octobre\/","title":{"rendered":"Que penser de la conf\u00e9rence de presse du SIBA du 16 octobre ?"},"content":{"rendered":"\n<p>Pr\u00e9alablement \u00e0 cette conf\u00e9rence de presse, l&rsquo;ADEBA avait communiqu\u00e9 aux journalistes les questions qu&rsquo;il nous semblait pertinentes de poser au SIBA. <a href=\"https:\/\/drive.google.com\/file\/d\/1QdwKzRbbM8pVYWx9SExh45rYChsqhF9h\/view?usp=sharing\">https:\/\/drive.google.com\/file\/d\/1QdwKzRbbM8pVYWx9SExh45rYChsqhF9h\/view?usp=sharing<\/a>.  Si quelques r\u00e9ponses partielles ont \u00e9t\u00e9 apport\u00e9es, de nombreuses questions de fond restent pos\u00e9es.<\/p>\n\n\n\n<p>Suite \u00e0 la conf\u00e9rence de presse du SIBA du 16 octobre, voici d\u00e9j\u00e0 les premi\u00e8res r\u00e9actions de l\u2019ADEBA, sur les \u00e9crits et sur les paroles, \u00e9tant pr\u00e9cis\u00e9 que l&rsquo;ADEBA publiera prochainement une analyse d\u00e9taill\u00e9e du beau document pr\u00e9sent\u00e9 par le SIBA le 16 octobre.<\/p>\n\n\n\n<p>Pour les \u00e9crits : page 4 on nous explique que les inondations ne concernent que 6 % du territoire urbain, laissant penser que 6% ce n&rsquo;est pas beaucoup, mais en r\u00e9alit\u00e9 c&rsquo;est \u00e9norme puisqu&rsquo;on nous explique page 8 et 9 de fa\u00e7on tr\u00e8s claire que ce sont les eaux parasites issues de ces inondations qui repr\u00e9sentent la majeure partie des eaux qui transitent dans le r\u00e9seau en p\u00e9riode hivernale. Page 13 on nous parle du profil de vuln\u00e9rabilit\u00e9 des eaux conchylicoles, mais dans ce document le risque de d\u00e9bordement des r\u00e9seaux d&rsquo;eau us\u00e9es du SIBA n&rsquo;est pas pris en compte malgr\u00e9 leur retour d&rsquo;exp\u00e9rience, et notamment la crise de 2021. Face \u00e0 l&rsquo;\u00e9talage de chiffres de la page 14 il serait bon de se rappeler que lors de sa prise de comp\u00e9tences pour le pluvial en 2018 le pr\u00e9sident du SIBA avait annonc\u00e9 \u00e0 l&rsquo;\u00e9poque que cela n\u00e9cessiterait un budget de 8 millions par an, or si on fait les comptes il y a aujourd&rsquo;hui d\u00e9j\u00e0 plus de 28 millions de retard. Et les recommandations de la page 15 sont en fait des obligations r\u00e9glementaires pour lesquelles l&rsquo;exercice du pouvoir de police attribu\u00e9 aux maires n&rsquo;a jamais fait l&rsquo;objet d&rsquo;un z\u00e8le exemplaire, loin de l\u00e0.<\/p>\n\n\n\n<p>Pour ce qui est des paroles, affirmer que le seul et unique d\u00e9tenteur de la juste expertise est le SIBA, est tr\u00e8s pr\u00e9somptueux, mais pourquoi pas, puisque de toute fa\u00e7on la litt\u00e9rature du SIBA, ses rapports et r\u00e8glements, repr\u00e9sente la principale source qui \u00e9taye notre position : c&rsquo;est l\u00e0 que nous relevons les incoh\u00e9rences et \u00e9carts entre ce qui est pr\u00e9conis\u00e9 et ce qui est r\u00e9alis\u00e9 que nous d\u00e9non\u00e7ons. Par contre le fait d\u2019affirmer que tout le monde savait (pour les d\u00e9bordements) depuis le mois de novembre 2023 car le SIBA avait alert\u00e9 de la situation, tout en r\u00e9sonant aujourd\u2019hui comme un aveu, vient mettre s\u00e9rieusement en cause l&rsquo;action de l&rsquo;\u00c9tat, en sugg\u00e9rant implicitement que le pr\u00e9fet aurait d\u00fb prendre des mesures de restriction plus pr\u00e9cocement. Mais le plus frappant est que ces propos sont en totale contradiction avec les premi\u00e8res d\u00e9clarations publiques du d\u00e9but d&rsquo;ann\u00e9e qui d\u00e9douanaient le SIBA de toute responsabilit\u00e9.<\/p>\n\n\n\n<p>En conclusion si l&rsquo;on peut saluer une certaine prise en compte de l&rsquo;importance du pluvial, on ne peut que regretter la condescendance des propos du pr\u00e9sident et surtout \u00eatre particuli\u00e8rement choqu\u00e9 par le niveau de contradiction avec ses d\u00e9clarations publiques du d\u00e9but de l&rsquo;ann\u00e9e : les aurait-il oubli\u00e9es ? ou faudrait-il voir autre chose ?<\/p>\n","protected":false},"excerpt":{"rendered":"<p>Pr\u00e9alablement \u00e0 cette conf\u00e9rence de presse, l&rsquo;ADEBA avait communiqu\u00e9 aux journalistes les questions qu&rsquo;il nous semblait pertinentes de poser au SIBA. https:\/\/drive.google.com\/file\/d\/1QdwKzRbbM8pVYWx9SExh45rYChsqhF9h\/view?usp=sharing. Si quelques r\u00e9ponses partielles ont \u00e9t\u00e9 apport\u00e9es, de nombreuses questions de fond restent pos\u00e9es. Suite \u00e0 la conf\u00e9rence &hellip; <a href=\"https:\/\/adeba.fr\/index.php\/2024\/10\/19\/que-penser-de-la-conference-de-presse-du-siba-du-16-octobre\/\">Continuer la lecture <span class=\"meta-nav\">&rarr;<\/span><\/a><\/p>\n","protected":false},"author":2,"featured_media":0,"comment_status":"open","ping_status":"open","sticky":false,"template":"","format":"standard","meta":{"footnotes":""},"categories":[5],"tags":[],"class_list":["post-355","post","type-post","status-publish","format-standard","hentry","category-avis"],"_links":{"self":[{"href":"https:\/\/adeba.fr\/index.php\/wp-json\/wp\/v2\/posts\/355","targetHints":{"allow":["GET"]}}],"collection":[{"href":"https:\/\/adeba.fr\/index.php\/wp-json\/wp\/v2\/posts"}],"about":[{"href":"https:\/\/adeba.fr\/index.php\/wp-json\/wp\/v2\/types\/post"}],"author":[{"embeddable":true,"href":"https:\/\/adeba.fr\/index.php\/wp-json\/wp\/v2\/users\/2"}],"replies":[{"embeddable":true,"href":"https:\/\/adeba.fr\/index.php\/wp-json\/wp\/v2\/comments?post=355"}],"version-history":[{"count":2,"href":"https:\/\/adeba.fr\/index.php\/wp-json\/wp\/v2\/posts\/355\/revisions"}],"predecessor-version":[{"id":361,"href":"https:\/\/adeba.fr\/index.php\/wp-json\/wp\/v2\/posts\/355\/revisions\/361"}],"wp:attachment":[{"href":"https:\/\/adeba.fr\/index.php\/wp-json\/wp\/v2\/media?parent=355"}],"wp:term":[{"taxonomy":"category","embeddable":true,"href":"https:\/\/adeba.fr\/index.php\/wp-json\/wp\/v2\/categories?post=355"},{"taxonomy":"post_tag","embeddable":true,"href":"https:\/\/adeba.fr\/index.php\/wp-json\/wp\/v2\/tags?post=355"}],"curies":[{"name":"wp","href":"https:\/\/api.w.org\/{rel}","templated":true}]}}