{"id":349,"date":"2024-10-09T07:12:33","date_gmt":"2024-10-09T05:12:33","guid":{"rendered":"https:\/\/adeba.fr\/?p=349"},"modified":"2024-10-19T14:32:50","modified_gmt":"2024-10-19T12:32:50","slug":"manifestons-pour-sauver-le-zero-rejet","status":"publish","type":"post","link":"https:\/\/adeba.fr\/index.php\/2024\/10\/09\/manifestons-pour-sauver-le-zero-rejet\/","title":{"rendered":"Manifestons pour sauver le \u00ab\u00a0z\u00e9ro rejet\u00a0\u00bb"},"content":{"rendered":"\n<figure class=\"wp-block-image size-full\"><img loading=\"lazy\" decoding=\"async\" width=\"595\" height=\"842\" src=\"https:\/\/adeba.fr\/wp-content\/uploads\/2024\/10\/10-octobre.jpg\" alt=\"\" class=\"wp-image-350\" srcset=\"https:\/\/adeba.fr\/wp-content\/uploads\/2024\/10\/10-octobre.jpg 595w, https:\/\/adeba.fr\/wp-content\/uploads\/2024\/10\/10-octobre-212x300.jpg 212w\" sizes=\"auto, (max-width: 595px) 100vw, 595px\" \/><\/figure>\n\n\n\n<p>Suite \u00e0 cette manifestation, qui a \u00e9t\u00e9 largement report\u00e9e par la presse, quelques responsables parmi les manifestants, dont le pr\u00e9sident de l&rsquo;ADEBA, ont \u00e9t\u00e9 re\u00e7us par le sous-pr\u00e9fet.<\/p>\n\n\n\n<p>Les propos du sous-pr\u00e9fet lors de cette entrevue ont conduit l&rsquo;ADEBA \u00e0 lui adresser un courrier dans lequel l&rsquo;ADEBA pr\u00e9cise :<\/p>\n\n\n\n<p><em>&#8230; Lors de l&rsquo;\u00e9change que nous avons eu, vous nous avez indiqu\u00e9 que, selon les informations en votre possession, les d\u00e9bordements d&rsquo;eaux us\u00e9es n&rsquo;auraient eu lieu que 2 fois en 60 ans.<\/em><\/p>\n\n\n\n<p><em>Cette information est malheureusement compl\u00e8tement erron\u00e9e et nous pouvons vous affirmer, apr\u00e8s v\u00e9rification aupr\u00e8s d&rsquo;anciens responsables du service assainissement, que les d\u00e9bordements sont beaucoup plus fr\u00e9quents.<\/em><\/p>\n\n\n\n<p><em>Cette fr\u00e9quence \u00e9lev\u00e9e est d&rsquo;ailleurs implicitement reconnue par le SIBA qui demande \u00e0 ce que la pr\u00e9fecture reconnaisse comme un cas de \u00ab\u00a0situation inhabituelle\u00a0\u00bb, l&rsquo;autorisant \u00e0 d\u00e9border, un ph\u00e9nom\u00e8ne qui se reproduit r\u00e9guli\u00e8rement plusieurs fois par an chaque ann\u00e9e. Si les d\u00e9bordements ne survenaient vraiment qu&rsquo;exceptionnellement, comme chacun le souhaite et comme cela doit \u00eatre pour pr\u00e9server l&rsquo;environnement et la sant\u00e9 publique, et pour respecter la r\u00e9glementation, le crit\u00e8re demand\u00e9 par le SIBA pour les autoriser aurait logiquement du correspondre \u00e0 une fr\u00e9quence beaucoup plus faible (par exemple trentennale si on retient 2 d\u00e9bordements en 60 ans, ce qui para\u00eet recevable).<\/em><\/p>\n\n\n\n<p><em>Nous vous confirmons donc notre tr\u00e8s vive pr\u00e9occupation et nous serons extr\u00eamement vigilants sur la suite qui sera donn\u00e9e \u00e0 ce dossier&#8230;..<\/em><\/p>\n\n\n\n<p><\/p>\n","protected":false},"excerpt":{"rendered":"<p>Suite \u00e0 cette manifestation, qui a \u00e9t\u00e9 largement report\u00e9e par la presse, quelques responsables parmi les manifestants, dont le pr\u00e9sident de l&rsquo;ADEBA, ont \u00e9t\u00e9 re\u00e7us par le sous-pr\u00e9fet. Les propos du sous-pr\u00e9fet lors de cette entrevue ont conduit l&rsquo;ADEBA \u00e0 &hellip; <a href=\"https:\/\/adeba.fr\/index.php\/2024\/10\/09\/manifestons-pour-sauver-le-zero-rejet\/\">Continuer la lecture <span class=\"meta-nav\">&rarr;<\/span><\/a><\/p>\n","protected":false},"author":2,"featured_media":0,"comment_status":"open","ping_status":"open","sticky":false,"template":"","format":"standard","meta":{"footnotes":""},"categories":[3],"tags":[],"class_list":["post-349","post","type-post","status-publish","format-standard","hentry","category-activites"],"_links":{"self":[{"href":"https:\/\/adeba.fr\/index.php\/wp-json\/wp\/v2\/posts\/349","targetHints":{"allow":["GET"]}}],"collection":[{"href":"https:\/\/adeba.fr\/index.php\/wp-json\/wp\/v2\/posts"}],"about":[{"href":"https:\/\/adeba.fr\/index.php\/wp-json\/wp\/v2\/types\/post"}],"author":[{"embeddable":true,"href":"https:\/\/adeba.fr\/index.php\/wp-json\/wp\/v2\/users\/2"}],"replies":[{"embeddable":true,"href":"https:\/\/adeba.fr\/index.php\/wp-json\/wp\/v2\/comments?post=349"}],"version-history":[{"count":2,"href":"https:\/\/adeba.fr\/index.php\/wp-json\/wp\/v2\/posts\/349\/revisions"}],"predecessor-version":[{"id":363,"href":"https:\/\/adeba.fr\/index.php\/wp-json\/wp\/v2\/posts\/349\/revisions\/363"}],"wp:attachment":[{"href":"https:\/\/adeba.fr\/index.php\/wp-json\/wp\/v2\/media?parent=349"}],"wp:term":[{"taxonomy":"category","embeddable":true,"href":"https:\/\/adeba.fr\/index.php\/wp-json\/wp\/v2\/categories?post=349"},{"taxonomy":"post_tag","embeddable":true,"href":"https:\/\/adeba.fr\/index.php\/wp-json\/wp\/v2\/tags?post=349"}],"curies":[{"name":"wp","href":"https:\/\/api.w.org\/{rel}","templated":true}]}}