{"id":273,"date":"2024-02-10T10:56:06","date_gmt":"2024-02-10T09:56:06","guid":{"rendered":"https:\/\/adeba.fr\/?p=273"},"modified":"2024-02-24T11:40:46","modified_gmt":"2024-02-24T10:40:46","slug":"conference-debat-du-9-fevrier-2024-a-andernos","status":"publish","type":"post","link":"https:\/\/adeba.fr\/index.php\/2024\/02\/10\/conference-debat-du-9-fevrier-2024-a-andernos\/","title":{"rendered":"Conf\u00e9rence d\u00e9bat du 9 f\u00e9vrier 2024 \u00e0 Andernos"},"content":{"rendered":"\n<h1 class=\"wp-block-heading\">Pollutions des eaux du bassin d\u2019Arcachon : la cons\u00e9quence d\u2019une \u00ab boulimie de d\u00e9veloppement \u00e9conomique \u00bb<\/h1>\n\n\n\n<figure class=\"wp-block-image\"><img decoding=\"async\" src=\"https:\/\/ci3.googleusercontent.com\/meips\/ADKq_NbhaUXtrEnc1p2M3wr9BY2sS-yjVeaK-jwTHATTd5MnmV6tmRB8HyHQ5-co1BVha0wWSNXWIASQYDlE67St_NDv6xTPo5IHpMQmUuUZGX3YztPQFGTtrxCpqxw=s0-d-e1-ft#https:\/\/media.sudouest.fr\/18523781\/1000x500\/img-5238.jpg?v=1707657490\" alt=\"Pollutions des eaux du bassin d\u2019Arcachon\u00a0: la cons\u00e9quence d\u2019une \u00ab\u00a0boulimie de d\u00e9veloppement \u00e9conomique\u00a0\u00bb\"\/><\/figure>\n\n\n\n<p>Beaucoup de monde, vendredi soir \u00e0 Andernos, pour \u00e9voquer les pollutions du bassin d\u2019Arcachon. \u00a9 Cr\u00e9dit photo : C. E<\/p>\n\n\n\n<p>Le d\u00e9bat consacr\u00e9 aux pollutions des eaux du bassin d\u2019Arcachon a r\u00e9uni une centaine de personnes \u00e0 Andernos, vendredi 9 f\u00e9vrier<\/p>\n\n\n\n<p>C\u2019est dans le cadre de la journ\u00e9e mondiale des zones humides que plusieurs associations de protection de la nature ont organis\u00e9, vendredi 9 f\u00e9vrier, une conf\u00e9rence-d\u00e9bat consacr\u00e9e aux pollutions des eaux du bassin d\u2019Arcachon, \u00e0 Andernos-les-Bains. Le sujet, toujours d\u2019actualit\u00e9, a attir\u00e9 pr\u00e8s d\u2019une centaine de personnes.<\/p>\n\n\n\n<p>Apr\u00e8s une courte allocution d\u2019accueil par Clarisse Holik, pr\u00e9sidente de l\u2019association Betey plage bois\u00e9e \u00e0 sauvegarder, c\u2019est Patrick Dufau de Lamothe, sp\u00e9cialiste de la ressource en eau potable, qui a ouvert la s\u00e9ance pour brosser une vision assez exhaustive et peu rassurante de la situation des ressources en eau destin\u00e9e \u00e0 l\u2019alimentation humaine.<\/p>\n\n\n\n<figure class=\"wp-block-image\"><img decoding=\"async\" src=\"https:\/\/ci3.googleusercontent.com\/meips\/ADKq_Na39MP1kWxOnDbHdBCA9KF6rezXfggiR7kDTiPe3Yywg0moAm4UXsGF_RBM3s4tk2V50m7GPRTnBtT9l1KoZUOeZR02X_2QfUlbTa0CdQIFaBOwOslLsq2CgA=s0-d-e1-ft#https:\/\/media.sudouest.fr\/18523781\/1200x-1\/img-5245.jpg?v=1707657490\" alt=\"De gauche \u00e0 droite\u00a0: Clarisse Holik, Ren\u00e9 Capo, Thierry Lafon et Patrick Du Fau de Lamothe.\"\/><\/figure>\n\n\n\n<p>De gauche \u00e0 droite : Clarisse Holik, Ren\u00e9 Capo, Thierry Lafon et Patrick Du Fau de Lamothe.<\/p>\n\n\n\n<h2 class=\"wp-block-heading\">Un \u00ab lobby d\u00e9complex\u00e9 du tourisme \u00bb<\/h2>\n\n\n\n<p>\u00ab Nous consommons plus d\u2019eau qu\u2019il ne serait souhaitable, d\u2019autant que sa disponibilit\u00e9 pourrait avec le r\u00e9chauffement climatique baisser de 20 \u00e0 30 % dans les ann\u00e9es \u00e0 venir \u00bb, dit-il. Pression fonci\u00e8re et politique d\u2019urbanisme sont montr\u00e9es du doigt. Puis Ren\u00e9 Capo, qui longtemps pr\u00e9sida le comit\u00e9 de suivi idoine, a rappel\u00e9, l\u2019histoire du Wharf de la Salie et de l\u2019\u00e9vacuation des eaux us\u00e9es.<\/p>\n\n\n\n<p>L\u2019ostr\u00e9iculteur Thierry Lafon qui se pr\u00e9sente comme \u00ab un paysan de la mer \u00bb a ensuite apport\u00e9 un regard caustique sur la situation v\u00e9cue par la profession. Il attribue les pollutions \u00e0 divers ph\u00e9nom\u00e8nes, mais en particulier aux collectivit\u00e9s territoriales qui t\u00e9moignent d\u2019une \u00ab vraie boulimie de d\u00e9veloppement \u00e9conomique donnant le statut d\u2019agglom\u00e9ration littorale \u00e0 ce qui \u00e9tait une campagne c\u00f4ti\u00e8re \u00bb.<\/p>\n\n\n\n<p>Et, c\u2019est bien connu, plus d\u2019habitants, plus de pollution. Le Syndicat intercommunal du Bassin d\u2019Arcachon, en charge de la gestion des eaux us\u00e9es, est particuli\u00e8rement vis\u00e9 dans les discours comme \u00e9tant \u00ab un lobbyiste d\u00e9complex\u00e9 de l\u2019industrie touristique \u00bb. Le professionnel d\u00e9nonce aussi le remplacement des foss\u00e9s et des crastes par des canalisations et l\u2019artificialisation des sols.<\/p>\n\n\n\n<p>Des interventions fortes qui auront permis de sensibiliser le public sur les probl\u00e8mes r\u00e9currents de l\u2019eau li\u00e9s au bassin d\u2019Arcachon.<\/p>\n","protected":false},"excerpt":{"rendered":"<p>Pollutions des eaux du bassin d\u2019Arcachon : la cons\u00e9quence d\u2019une \u00ab boulimie de d\u00e9veloppement \u00e9conomique \u00bb Beaucoup de monde, vendredi soir \u00e0 Andernos, pour \u00e9voquer les pollutions du bassin d\u2019Arcachon. \u00a9 Cr\u00e9dit photo : C. E Le d\u00e9bat consacr\u00e9 aux &hellip; <a href=\"https:\/\/adeba.fr\/index.php\/2024\/02\/10\/conference-debat-du-9-fevrier-2024-a-andernos\/\">Continuer la lecture <span class=\"meta-nav\">&rarr;<\/span><\/a><\/p>\n","protected":false},"author":2,"featured_media":0,"comment_status":"open","ping_status":"open","sticky":false,"template":"","format":"standard","meta":{"footnotes":""},"categories":[10],"tags":[],"class_list":["post-273","post","type-post","status-publish","format-standard","hentry","category-actions"],"_links":{"self":[{"href":"https:\/\/adeba.fr\/index.php\/wp-json\/wp\/v2\/posts\/273","targetHints":{"allow":["GET"]}}],"collection":[{"href":"https:\/\/adeba.fr\/index.php\/wp-json\/wp\/v2\/posts"}],"about":[{"href":"https:\/\/adeba.fr\/index.php\/wp-json\/wp\/v2\/types\/post"}],"author":[{"embeddable":true,"href":"https:\/\/adeba.fr\/index.php\/wp-json\/wp\/v2\/users\/2"}],"replies":[{"embeddable":true,"href":"https:\/\/adeba.fr\/index.php\/wp-json\/wp\/v2\/comments?post=273"}],"version-history":[{"count":1,"href":"https:\/\/adeba.fr\/index.php\/wp-json\/wp\/v2\/posts\/273\/revisions"}],"predecessor-version":[{"id":274,"href":"https:\/\/adeba.fr\/index.php\/wp-json\/wp\/v2\/posts\/273\/revisions\/274"}],"wp:attachment":[{"href":"https:\/\/adeba.fr\/index.php\/wp-json\/wp\/v2\/media?parent=273"}],"wp:term":[{"taxonomy":"category","embeddable":true,"href":"https:\/\/adeba.fr\/index.php\/wp-json\/wp\/v2\/categories?post=273"},{"taxonomy":"post_tag","embeddable":true,"href":"https:\/\/adeba.fr\/index.php\/wp-json\/wp\/v2\/tags?post=273"}],"curies":[{"name":"wp","href":"https:\/\/api.w.org\/{rel}","templated":true}]}}