{"id":177,"date":"2023-10-30T11:20:48","date_gmt":"2023-10-30T10:20:48","guid":{"rendered":"https:\/\/adeba.fr\/?p=177"},"modified":"2023-10-31T09:16:11","modified_gmt":"2023-10-31T08:16:11","slug":"profil-de-vulnerabilite-des-eaux-conchylicoles-remarques-sur-le-document-programme-dactions-document-de-travail-presente-le-21-juin-2022","status":"publish","type":"post","link":"https:\/\/adeba.fr\/index.php\/2023\/10\/30\/profil-de-vulnerabilite-des-eaux-conchylicoles-remarques-sur-le-document-programme-dactions-document-de-travail-presente-le-21-juin-2022\/","title":{"rendered":"Profil de vuln\u00e9rabilit\u00e9 des eaux conchylicoles"},"content":{"rendered":"\n<p class=\"has-medium-font-size\"><strong><mark style=\"background-color:rgba(0, 0, 0, 0)\" class=\"has-inline-color has-blue-color\">Suite \u00e0 la pr\u00e9sentation par le SIBA, le 21 juin 2022, du document de travail \u00ab\u00a0Programme d&rsquo;actions, l&rsquo;ADEBA a formul\u00e9 les remarques suivantes :<\/mark><\/strong><\/p>\n\n\n\n<p>Lignes 2 \u00e0 17 Mettre en \u0153uvre un <strong>traitement bact\u00e9ricide sur les STEPs<\/strong> du bassin versant&nbsp;:<\/p>\n\n\n\n<ul class=\"wp-block-list\">\n<li>Faire confirmer que ce sont bien des traitements sans intrants (type UV)<\/li>\n\n\n\n<li>Certaines STEPs affichent un degr\u00e9 de pertinence seulement \u00ab&nbsp;int\u00e9ressant&nbsp;\u00bb et non prioritaire, pourquoi&nbsp;?<\/li>\n\n\n\n<li>Calendrier de mise en \u0153uvre \u00e0 compl\u00e9ter (cette remarque est valable pour tout le document)<\/li>\n<\/ul>\n\n\n\n<p>Lignes15 et 16 Surveiller la <strong>qualit\u00e9 bact\u00e9rio des principaux tributaires&nbsp;et la dynamique NoV<\/strong> :<\/p>\n\n\n\n<ul class=\"wp-block-list\">\n<li>Quand et comment sera publi\u00e9 le(s) rapport(s) annuel(s) annonc\u00e9(s) (une partie des donn\u00e9es est d\u00e9j\u00e0 collect\u00e9e depuis longtemps)&nbsp;?<\/li>\n<\/ul>\n\n\n\n<p>Lignes 17 et 39 <strong>Gestion des crises<\/strong>&nbsp;:<\/p>\n\n\n\n<ul class=\"wp-block-list\">\n<li>S\u2019assurer que la proc\u00e9dure mise en place inclut bien la recherche des causes (investigations imm\u00e9diates) et leur analyse, ainsi que la mise en place d\u2019un plan d\u2019action pour \u00e9viter leur renouvellement ou limiter leur impact<\/li>\n<\/ul>\n\n\n\n<p>Ligne 21 <strong>D\u00e9jections canines<\/strong>&nbsp;:<\/p>\n\n\n\n<ul class=\"wp-block-list\">\n<li>En plus de la sensibilisation toujours n\u00e9cessaire, il faut une politique plus forte avec verbalisation des propri\u00e9taires.<\/li>\n<\/ul>\n\n\n\n<p>Dans les zones les plus expos\u00e9es on devrait m\u00eame demander la mise en place de ce qui existe d\u00e9j\u00e0 ailleurs (en Isra\u00ebl par exemple)&nbsp;: les propri\u00e9taires de chiens doivent fournir un \u00e9chantillon ADN de leur chien, et en cas de crotte on peut retrouver le propri\u00e9taire et le verbaliser.<\/p>\n\n\n\n<p>Lignes 24 \u00e0 26 <strong>Limiter les inondations<\/strong>&nbsp;:<\/p>\n\n\n\n<ul class=\"wp-block-list\">\n<li>L\u2019action \u00ab&nbsp;faire respecter l\u2019obligation d\u2019infiltration&nbsp;\u00bb laisse \u00e0 penser que cette obligation n\u2019est pas respect\u00e9e, pourquoi&nbsp;?<\/li>\n\n\n\n<li>Dans la pratique la v\u00e9rification d\u2019un tel respect semble impossible, seule l\u2019obligation de respecter un % de surface en pleine terre peut garantir une certaine efficacit\u00e9&nbsp;; cette obligation est \u00e0 int\u00e9grer dans les r\u00e8glements d\u2019urbanisme (SCOT, PLU)<\/li>\n\n\n\n<li>Dans tous les cas, il ne fait pas oublier que le principe d\u2019infiltration \u00e0 la parcelle est compl\u00e8tement inop\u00e9rant sur la majeure partie du territoire en p\u00e9riode de nappe tr\u00e8s haute (ou de mar\u00e9e haute tout pr\u00e8s du Bassin)<\/li>\n<\/ul>\n\n\n\n<p>Ligne 30 <strong>Synth\u00e8se sur les donn\u00e9es cuivre<\/strong>&nbsp;:<\/p>\n\n\n\n<ul class=\"wp-block-list\">\n<li>Cela fait 3 ans qu\u2019on nous annonce cette synth\u00e8se, le sujet est tr\u00e8s important (derniers taux connus importants et en augmentation), il faut exiger qu\u2019au moins les donn\u00e9es brutes soient imm\u00e9diatement communiqu\u00e9es<\/li>\n<\/ul>\n\n\n\n<p>Ligne 32 <strong>Synth\u00e8se HAP<\/strong><\/p>\n\n\n\n<ul class=\"wp-block-list\">\n<li>Cette synth\u00e8se est annonc\u00e9e comme \u00ab&nbsp;r\u00e9alis\u00e9e&nbsp;\u00bb&nbsp;; or le dernier document connu (synth\u00e8se SIBA 2021) fait l\u2019impasse sur les apports du nautisme&nbsp;; une action sur le sujet est bien indiqu\u00e9e dans ce rapport comme \u00ab&nbsp;devant \u00eatre faite&nbsp;\u00bb mais \u00ab&nbsp;non commenc\u00e9e&nbsp;\u00bb<\/li>\n\n\n\n<li>Les HAP ne sont mesur\u00e9s dans les hu\u00eetres qu\u2019une fois par an, on manque donc de donn\u00e9es sur la saisonnalit\u00e9<\/li>\n<\/ul>\n\n\n\n<p>Lignes 34 et 37 <strong>Evolution des pratiques de car\u00e9nage<\/strong>&nbsp;:<\/p>\n\n\n\n<ul class=\"wp-block-list\">\n<li>A c\u00f4t\u00e9 du n\u00e9cessaire accompagnement des professionnels et des usagers, il faut engager des actions aupr\u00e8s des pouvoirs publics d\u2019une part, des parlementaires d\u2019autres part, pour faire interdire et\/ou limiter l\u2019emploi des biocides.<\/li>\n<\/ul>\n\n\n\n<p>A minima il faut faire \u00e9tendre les mesures environnementales du Sch\u00e9ma des structures \u00e0 tous les ports d\u2019estran.<\/p>\n\n\n\n<ul class=\"wp-block-list\">\n<li>Il manque un point sur l\u2019\u00e9tat des lieux des aires de car\u00e9nage&nbsp;; un tel \u00e9tat des lieux a d\u00e9j\u00e0 \u00e9t\u00e9 fait (DREAL-DDTM), il doit \u00eatre une des donn\u00e9es d\u2019entr\u00e9e du profil de vuln\u00e9rabilit\u00e9&nbsp;; il doit aussi \u00eatre r\u00e9guli\u00e8rement mis \u00e0 jour et accompagn\u00e9 des plans d\u2019actions pour les mises en conformit\u00e9 qui sont n\u00e9cessaires<\/li>\n\n\n\n<li>Le SMPBA n\u2019est pas le seul ma\u00eetre d\u2019ouvrage des aires de car\u00e9nages du territoire<\/li>\n<\/ul>\n\n\n\n<p>Ligne 43 <strong>R\u00e9viser le sch\u00e9ma des structures<\/strong>&nbsp;:<\/p>\n\n\n\n<ul class=\"wp-block-list\">\n<li>Le sch\u00e9ma actuel pr\u00e9voit d\u00e9j\u00e0 des mesures environnementales plus vertueuses que ce qui est pr\u00e9vu pour les autres usagers du plan d\u2019eau, on pourrait donc a priori s\u2019attendre \u00e0 ce que les actions envisag\u00e9es soient de veiller \u00e0 leur bonne application et \u00e0 leur extension aux autres cat\u00e9gories d\u2019usagers.<\/li>\n<\/ul>\n\n\n\n<p>Qu\u2019y a-t-il donc derri\u00e8re l\u2019objectif annonc\u00e9 d\u2019\u00ab&nbsp;adapter le sch\u00e9ma&nbsp;\u00bb&nbsp;?<\/p>\n\n\n\n<p>Ligne 46 <strong>Effet des contaminants sur les zost\u00e8res<\/strong>&nbsp;:<\/p>\n\n\n\n<ul class=\"wp-block-list\">\n<li>Tous les usagers r\u00e9guliers du plan d\u2019eau observent r\u00e9guli\u00e8rement l\u2019affaiblissement s\u00e9rieux de l\u2019herbier de zost\u00e8res naines apr\u00e8s un \u00e9pisode pluvieux important&nbsp;; on ne peut que corr\u00e9ler ce constant \u00e0 l\u2019augmentation du taux de pesticide mesur\u00e9 lorsque le d\u00e9bit de l\u2019Eyre augmente.<\/li>\n<\/ul>\n\n\n\n<p>Afin de quantifier cette corr\u00e9lation, il est n\u00e9cessaire d\u2019avoir un suivi r\u00e9gulier de l\u2019herbier, ce qui peut \u00eatre maintenant facilement obtenu par t\u00e9l\u00e9d\u00e9tection, \u00e0 l\u2019instar de ce qui se pratique ailleurs.&nbsp;<\/p>\n\n\n\n<p>Ligne 58 <strong>D\u00e9chets plastique anthropiques<\/strong>&nbsp;:<\/p>\n\n\n\n<ul class=\"wp-block-list\">\n<li>R\u00e9duire l\u2019utilisation de mat\u00e9riel plastique n\u2019est pas toujours possible, et il faut \u00eatre tr\u00e8s prudent sur les nouveaux mat\u00e9riaux annonc\u00e9s comme biod\u00e9gradables.<\/li>\n<\/ul>\n\n\n\n<p>Une solution assez simple et efficace consiste \u00e0 faire marquer le mat\u00e9riel (poches, coupelles, filets, etc\u2026), comme cela se pratique d\u00e9j\u00e0 pour les jupes tahitiennes des mytiliculteurs.<\/p>\n\n\n\n<p><strong><u>Valvom\u00e9trie<\/u><\/strong>&nbsp;(point non abord\u00e9 lors de la pr\u00e9sentation du 21 juin) :<\/p>\n\n\n\n<p>Une des difficult\u00e9s rencontr\u00e9es pour d\u00e9terminer la cause des affaiblissements des hu\u00eetres est de pourvoir analyser le milieu au moment m\u00eame o\u00f9 l\u2019hu\u00eetre subit un stress.<\/p>\n\n\n\n<p>La valvom\u00e9trie est une technique qui analyse les mouvements des coquilles et peut d\u00e9tecter la survenance d\u2019un stress. Cette technique (JC Massabuau), au d\u00e9but exp\u00e9rimentale, s\u2019est affin\u00e9e avec le concours de divers organismes (dont l\u2019EPOC) et est maintenant utilis\u00e9e en diff\u00e9rents endroits du monde.<\/p>\n\n\n\n<p>Il semble pertinent de l\u2019utiliser, afin de pouvoir faire les pr\u00e9l\u00e8vements du milieu aux moments o\u00f9 l\u2019hu\u00eetre est sensible \u00e0 un changement de la qualit\u00e9 du milieu, ce qui permettrait de mieux appr\u00e9cier les impacts relatifs des diff\u00e9rents param\u00e8tres et par cons\u00e9quent de construire des plans d\u2019action plus efficaces.<\/p>\n\n\n\n<p class=\"has-medium-font-size\"><strong><mark style=\"background-color:rgba(0, 0, 0, 0)\" class=\"has-inline-color has-blue-color\">Puis, suite \u00e0 la pr\u00e9sentation g\u00e9n\u00e9rale du programme d&rsquo;actions \u00ab\u00a0finalis\u00e9\u00a0\u00bb, faite par les services de l&rsquo;\u00e9tat et le SIBA le 15 novembre 2022 au Palais des Congr\u00e8s d&rsquo;Arcachon, l&rsquo;ADEBA a formul\u00e9 les remarques suivantes :<\/mark><\/strong><\/p>\n\n\n\n<p>Tout en saluant le travail r\u00e9alis\u00e9 et dans l&rsquo;espoir que les plans d\u2019actions qui devraient \u00eatre prochainement pr\u00e9sent\u00e9s et mis en \u0153uvre seront \u00e0 la hauteur des ambitions que m\u00e9rite notre territoire, l&rsquo;ADEBA rel\u00e8ve trois th\u00e8mes qui n\u2019ont pas fait l\u2019objet des \u00e9tudes et de la restitution qu\u2019ils m\u00e9ritent, car ils sont pour le moins susceptibles d\u2019avoir des effets notables sur l\u2019environnement marin et les hu\u00eetres.<\/p>\n\n\n\n<p>Ces trois th\u00e8mes sont&nbsp;:<\/p>\n\n\n\n<ul class=\"wp-block-list\">\n<li>Les travaux maritimes, effectu\u00e9s dans les ports, sur le rivage, sur l\u2019estran et dans les chenaux, qui impactent faune et flore, affectent la turbidit\u00e9 de l\u2019eau, et lib\u00e8rent les contaminants&nbsp;pi\u00e9g\u00e9s dans les s\u00e9diments ;<\/li>\n\n\n\n<li>L\u2019impact du motonautisme, dont on constate la progression tant en nombre d\u2019engins motoris\u00e9s qu\u2019en puissance, en particulier sur les HAP. Cet impact n\u2019a pas fait l\u2019objet de r\u00e9elles \u00e9tudes approfondies, ainsi que nous vous l&rsquo;ADEBA l&rsquo;a d\u00e9j\u00e0 signal\u00e9 ;<\/li>\n\n\n\n<li>Les transferts inter-bassins de cheptels ostr\u00e9icoles effectu\u00e9s sans contr\u00f4le ni tra\u00e7abilit\u00e9 zoosanitaire, susceptibles d\u2019introduire des pathog\u00e8nes et des esp\u00e8ces invasives et\/ou nuisibles pour le biotope du Bassin et pour ses hu\u00eetres (pr\u00e9dateurs, comp\u00e9titeurs, virus, etc\u2026).<\/li>\n<\/ul>\n\n\n\n<p>Aussi semble-t-il n\u00e9cessaire de compl\u00e9ter les travaux d\u00e9j\u00e0 r\u00e9alis\u00e9s et en cours sur le profil de vuln\u00e9rabilit\u00e9 par la prise en compte de ces trois th\u00e8mes, afin que les plans d\u2019action qui seront prochainement lanc\u00e9s soient mieux cibl\u00e9s, pertinents et efficaces, et que l&rsquo;on puisse constater l\u2019am\u00e9lioration attendue de la qualit\u00e9 de notre environnement marin et de la sant\u00e9 de nos hu\u00eetres.<\/p>\n\n\n\n<p><\/p>\n","protected":false},"excerpt":{"rendered":"<p>Suite \u00e0 la pr\u00e9sentation par le SIBA, le 21 juin 2022, du document de travail \u00ab\u00a0Programme d&rsquo;actions, l&rsquo;ADEBA a formul\u00e9 les remarques suivantes : Lignes 2 \u00e0 17 Mettre en \u0153uvre un traitement bact\u00e9ricide sur les STEPs du bassin versant&nbsp;: &hellip; <a href=\"https:\/\/adeba.fr\/index.php\/2023\/10\/30\/profil-de-vulnerabilite-des-eaux-conchylicoles-remarques-sur-le-document-programme-dactions-document-de-travail-presente-le-21-juin-2022\/\">Continuer la lecture <span class=\"meta-nav\">&rarr;<\/span><\/a><\/p>\n","protected":false},"author":2,"featured_media":0,"comment_status":"open","ping_status":"open","sticky":false,"template":"","format":"standard","meta":{"footnotes":""},"categories":[10,5],"tags":[],"class_list":["post-177","post","type-post","status-publish","format-standard","hentry","category-actions","category-avis"],"_links":{"self":[{"href":"https:\/\/adeba.fr\/index.php\/wp-json\/wp\/v2\/posts\/177","targetHints":{"allow":["GET"]}}],"collection":[{"href":"https:\/\/adeba.fr\/index.php\/wp-json\/wp\/v2\/posts"}],"about":[{"href":"https:\/\/adeba.fr\/index.php\/wp-json\/wp\/v2\/types\/post"}],"author":[{"embeddable":true,"href":"https:\/\/adeba.fr\/index.php\/wp-json\/wp\/v2\/users\/2"}],"replies":[{"embeddable":true,"href":"https:\/\/adeba.fr\/index.php\/wp-json\/wp\/v2\/comments?post=177"}],"version-history":[{"count":5,"href":"https:\/\/adeba.fr\/index.php\/wp-json\/wp\/v2\/posts\/177\/revisions"}],"predecessor-version":[{"id":190,"href":"https:\/\/adeba.fr\/index.php\/wp-json\/wp\/v2\/posts\/177\/revisions\/190"}],"wp:attachment":[{"href":"https:\/\/adeba.fr\/index.php\/wp-json\/wp\/v2\/media?parent=177"}],"wp:term":[{"taxonomy":"category","embeddable":true,"href":"https:\/\/adeba.fr\/index.php\/wp-json\/wp\/v2\/categories?post=177"},{"taxonomy":"post_tag","embeddable":true,"href":"https:\/\/adeba.fr\/index.php\/wp-json\/wp\/v2\/tags?post=177"}],"curies":[{"name":"wp","href":"https:\/\/api.w.org\/{rel}","templated":true}]}}